{"id":584,"date":"2014-03-21T13:37:32","date_gmt":"2014-03-21T12:37:32","guid":{"rendered":"http:\/\/www.cucinalucana.it\/?p=584"},"modified":"2015-12-21T15:56:32","modified_gmt":"2015-12-21T14:56:32","slug":"la-cialledda","status":"publish","type":"post","link":"http:\/\/www.cucinalucana.it\/?p=584","title":{"rendered":"La Cialledda (Matera)"},"content":{"rendered":"<p style=\"text-align: left\" align=\"center\"><b>Intervista a\u00a0Annunziata\u00a0<b>Liuzzi<\/b><\/b><\/p>\n<p><b>Buonasera.<\/b><\/p>\n<p>Buonasera.<\/p>\n<p><b>Piacere io sono Brunella, lei come si chiama?<\/b><\/p>\n<p>Io mi chiamo Annunziata.<\/p>\n<p><b>Quanti anni ha?<\/b><\/p>\n<p>76.<\/p>\n<p><b>\u00c9 sposata?<\/b><\/p>\n<p>si.<\/p>\n<p><b>Ha figli?<\/b><\/p>\n<p>9.<\/p>\n<p><b>Che lavoro fa?<\/b><\/p>\n<p>Casalinga.<\/p>\n<p><b>Vi piace cucinare?<\/b><\/p>\n<p>N\u2019 poc\u2019 si, n\u2019 poc\u2019 no&#8230; mi piace cucinare le cose all&#8217;us\u2019 m\u00ec, cose moderne no. Mi ved\u2019 alla televisione la trasmissione quella del cuoco.<\/p>\n<p><b>La prova del cuoco, per\u00f2 vi piace guardare\u2026<\/b><\/p>\n<p>Mi piace guardare per\u00f2 mi piace pure a fare per\u00f2&#8230;<\/p>\n<p><b>Preferite le cose\u2026<\/b><\/p>\n<p>Cucino all&#8217;uso mio e mi riesc\u2019 ben\u2019. Ora \u00e8 stato mio figlio dalla Germania, dice: mamma io so\u2019 venut\u2019 perch\u00e8 cucini all&#8217;uso tuo, e s\u00f2 cucinat\u2019 all&#8217;uso mio. So\u2019 cucinat\u2019 le pecorelle, melanzane alla parmigiana\u2026<\/p>\n<p><b>Oggi cosa ha preparato di buono?<\/b><\/p>\n<p>Le pecorelle mi so\u2019 mangiat\u2019.<\/p>\n<p><b>Che sono?<\/b><\/p>\n<p>Le lumachine piccoline.<\/p>\n<p><b>Si \u00e8 alzata presto stamattina per cucinare?<\/b><\/p>\n<p>No l&#8217;orario \u00e8 sempre quello, alle sei mi sveglio pure se vado alle tre a dormire. Faccio due tre ore e mi alzo, non c\u2019ho da fare, vado in giro e faccio qualche cosa. E poi mi corico di nuovo.<\/p>\n<p><b>Siete andate a fare la spesa stamattina?<\/b><\/p>\n<p>No, stamattina no. Per\u00f2 devo andare. Fino adesso \u00e8 stato mio figlio e me la portava lui, non sono andat\u2019. Mo vediamo in settimana.<\/p>\n<p><b>Quali sono le ricette che le riescono meglio?<\/b><\/p>\n<p>La parmigiana, la pasta al forno tradizionale, alla povredd\u2019 diciamo noi. Non metto n\u00e8 carne tritata, n\u00e8 polpette, faccio solo n\u2019 poc \u2018 di mozzarella e formaggio e metto nel forno. Pure se la pasta \u00e8 rimasta il giorno appresso, la metto nel forno e sempre pasta al forno \u00e8!<\/p>\n<p><b>Vi ritenete brava nel cucinare?<\/b><\/p>\n<p>Mah, non tanto. Non mi azzecca, non mi va da cucinare per\u00f2 la necessita\u2026 diciamo ho cresciuto i figli.<\/p>\n<p><b>I vostri figli vi fanno i complimenti?<\/b><\/p>\n<p>si si.<\/p>\n<p><b>Vi fa piacere sentirvelo dire?<\/b><\/p>\n<p>Si, pure i nipoti. U\u2019 v\u00ec: m\u00f2 s\u00f2 venuti che vogliono quello che cucino io.<\/p>\n<p><b>Quando ha cucinato per la prima volta?<\/b><\/p>\n<p>C\u2019avevo 9 anni!<\/p>\n<p><b>Per chi ha cucinato?<\/b><\/p>\n<p>Che stavamo da soli, che andavamo a scuola, i genitori stavano diciamo in campagna, ci facevamo i maccheroni, l\u2019uovo fritto, queste cose\u2026<\/p>\n<p><b>Quindi a 9 anni ha cucinato per la famiglia?<\/b><\/p>\n<p>Si si, due tre persone. Per me e due sorelle, una pi\u00f9 grande di me \u00e8 una pi\u00f9 piccola di me.<\/p>\n<p><strong>Tre figli siete in famiglia?<\/strong><\/p>\n<p>No eravamo sei. Tre bambini che andavamo a scuola e ci lasciavano a casa al paese.<\/p>\n<p><b>E quindi voi vi dedicavate ai fratelli pi\u00f9 piccoli. E oggi cosa mi mostrer\u00e0 di buono?<\/b><\/p>\n<p>C\u00e8 ti poss\u2019 dar\u2019\u2026 faz\u2019 la <i>cialledda<\/i>!<\/p>\n<p><b>Quindi che cos\u2019\u00e8 la cialledda?<\/b><\/p>\n<p>La cialledda noi sa usava la mattina presto che andavamo in campagna. Allora facimm\u2019 a cialledda, mangiamm\u2019 e ce n\u2019andavam\u2019. Poi se ne parlava a mezzogiorno, l\u2019una quando diciamo\u2026 tanto mangiavamo. Non mangiavamo come adesso che continuamente vann\u2019 a pigghi\u00e0 il succo di frutta, vann\u2019 a pigghi\u00e0 la briosc\u2019. No, noi mangiavamo la mattina,<\/p>\n<p>solo la mattina.<\/p>\n<p><b>Solo la mattina, quindi per colazione?<\/b><\/p>\n<p>Quelli che avevano la possibilit\u00e0 si mangiavano il latte, per\u00f2 quelli che diciamo\u2026 i contadini si facevano la cialledda e se ne andavano\u2026 il pane cotto\u2026 io ho cresciuto i bambini col pane cotto.<\/p>\n<p><b>Pane cotto, che sarebbe?<\/b><\/p>\n<p>Il pane bollito messo l\u2019olio crudo.<\/p>\n<p><b>Quali sono gli ingredienti della cialledda?<\/b><\/p>\n<p>Gli ingredienti della cialledda\u2026 prima si mette l\u2019acqua, poi i pomodori, cipolla, patate, sedano. Se c\u2019hai una zucchina la metti, poi si mette il pane dentro al piatto, o a pezzettini o tutto intero la fetta. Secondo se il pane \u00e8 duro bisogna farlo a pezzettini, poi si mett. Poi quando ha bollito l\u2019acqua, che ha cotto gli ingredienti\u2026 io non lo so dire gli ingredienti\u2026 nel piatto si mette l\u2019uovo crudo, a seconda due tre persone quante sono, un uovo ciascuno si mette nel piatto. Si mette l\u2019olio, uno spicchio d\u2019aglio e si mena quell\u2019acqua che bolle, e si mena dentr\u2019 o piatt\u2019. Si copre e si fa stare cinque minuti finch\u00e9 si ammorbidisce.<\/p>\n<p><b>Quindi il pane era duro, perch\u00e9?<\/b><\/p>\n<p>Prima si ausava\u2026 si impastava e stava quindici giorni, pure venti giorni il pane non faceva muffa come adesso. Stesso il giorno, il giorno appresso non si pu\u00f2 mangiare. Invece noi avevamo 15 giorni, io facevo il pane a mano\u2026 impastavo.<\/p>\n<p><b>Quindi per lei \u00e8 cambiato il modo di cucinare?<\/b><\/p>\n<p>Si si tanto.<\/p>\n<p><b>Lo notate proprio!<\/b><\/p>\n<p>Di cucinare\u2026 le persone, i bambini, tutto. Prima c\u2019era la schiavit\u00f9 ma m\u00f2 c\u2019\u00e8 la delinquenza.<\/p>\n<p><b>Signora Annunziata, possiamo passare alla preparazione della cialledda?<\/b><\/p>\n<p>Si va bene, si!<\/p>\n<p><b>Cosa fate per prima cosa?<\/b><\/p>\n<p>Prima cosa si mette l\u2019acqua. M\u00e0 fammi mettere l\u2019acqua\u2026 poi si mettono i pomodori, dopo la zucchina. Questa \u00e8 la cialledda all\u2019uso nostro. Quando andavamo in campagna si alzava prima mia madre faceva la cialledda, noi poi quando ci alzavamo mangiavamo e andavamo in campagna.<\/p>\n<p><b>Quindi e un piatto si prepara in poco tempo?<\/b><\/p>\n<p>Si si in poco tempo parch\u00e8 noi ce ne dovevano andare in campagna\u2026 poi le olive, le patate.<\/p>\n<p><b>Tutte cose naturali.<\/b><\/p>\n<p>Si si tutte cose da contadini. Adesso si vanno a comprare tutto al supermercato, al negozio. Per\u00f2 noi ce l\u2019avevamo noi. Quando facevamo lo conservavamo.<\/p>\n<p><b>Avevate la campagna?<\/b><\/p>\n<p>Si si c\u2019avevamo il giardino, il grano, la semina\u2026 eh tante patate grosse ho ingappato questa piccola\u2026 non fa niente!<\/p>\n<p><b>Non importa!<\/b><\/p>\n<p>Basta che si mette la patata!<\/p>\n<p><b>E da chi ha imparato a cucinare questa pietanza?<\/b><\/p>\n<p>Da mia madre, mia sorella pi\u00f9 grande. Poi a Matera la fanno spesso e allora mi s\u00f2 imparata pi\u00f9 ancora dalla vicina di casa.<\/p>\n<p><b>C\u2019\u00e8 un segreto che rende questa ricetta gustosa, buona, profumata?<\/b><\/p>\n<p>Bhe un segreto che metti il sale, metti quell\u2019 che s\u2019 fasc\u2019 u brod\u2019\u2026.<\/p>\n<p><b>Il dado.<\/b><\/p>\n<p>Il dado da brodo, ecco!<\/p>\n<p><b>Per\u00f2 prima non esisteva?<\/b><\/p>\n<p>No prima solo il sale.<\/p>\n<p><b>Quindi dal sale la rendevate\u2026<\/b><\/p>\n<p>Io te la faccio naturale come la facevamo noi.<\/p>\n<p><b>Ora sta mettendo le patate, le sta tagliando a dadini?<\/b><\/p>\n<p>Eh si. Poi si mette sul gas e si fa bollire.<\/p>\n<p><b>Quindi ora deve bollire?<\/b><\/p>\n<p>\u00c8 assai questo\u2026<\/p>\n<p><b>Ora la cipolla. Ve la mangiate spesso voi la cialledda?<\/b><\/p>\n<p>Si si specialmente quando allattavo i bambini per fare il latte, mi facevo la cialledda.<\/p>\n<p><b>E ora continua a mangiarla?<\/b><\/p>\n<p>Si mo quando ti viene u desiderio. Che mo s\u00f2 sola, s\u00f2 anziana, non tanto\u2026 che mica ti puoi fare tutta questa, te la puoi mangiar\u2019 due volte.<\/p>\n<p><b>Quindi questa che state preparando \u00e8 per due persone?<\/b><\/p>\n<p>Qua per due persone\u2026 m\u00f2 ci metto il pane\u2026 all\u00f2 vado a prendere u piatt\u2019\u2026 no, aggia mett\u2019 u sal\u2019\u2026 non mi fare dimenticare sale che questo \u00e8 importante.<\/p>\n<p><b>Si \u00e8 importante per dare sapore alla cialledda!<\/b><\/p>\n<p>Ess\u00ec. Quest\u2019 \u00e8 proprio u piatt da cialledd.<\/p>\n<p><b>Ora tagliate il pane e lo mettete l\u00ec\u2026 e come si chiama quel piatto?<\/b><\/p>\n<p>U <i>gravat<\/i> u\u2019 chiamim n\u00f9. Eh\u2026 prima si mangiava tutt\u2019 da n\u2019 piatt\u2026 a chi poteva arraffare prima mangiava, poi c\u2019erano quelli che mangiavano svelti e quelli che gli piaceva caldo, quelli poi che c\u2019avevano i bambini, fino a che sentivan\u2019 ai bambini\u2026 e cos\u2019\u2026 eh no\u2026 quand\u2019 era una cosa che gli piaceva c\u2019erano quelli che scherzavano e dicevano delle cose brutt\u2019\u2026 dicevan\u2019 aggia acchiat\u2019 il rospo da\u2019ind\u2019!<\/p>\n<p><b>Per non farlo mangiare?<\/b><\/p>\n<p>Eh per non farlo mangiare! Che rimaneva e loro pigghiavan\u2019 e mangiavano\u2026 questo \u00e8 adatto proprio!<\/p>\n<p><b><\/b><b>\u00c8 adatto, perch\u00e9?<\/b><\/p>\n<p>P\u00e8rch\u00e8 \u00e8 duro\u2026 si mettono le uova a secondo alle persone quante sono, per\u00f2\u2026<\/p>\n<p><b>Si mettono nel pane?<\/b><\/p>\n<p>Si nel piatto. Ah m\u00f2 aspetta che devo prendere il coperchio.<\/p>\n<p><b>Quindi ora bolle il preparato li?<\/b><\/p>\n<p>Si.<\/p>\n<p><b>E lo mette nel pane?<\/b><\/p>\n<p>Allora il pane \u00e8 pronto. Ho messo le uova crude, poi si mette l\u2019ilo\u2026 che l\u2019olio&#8230; che se lo metto l\u00e0 dentro\u2026<\/p>\n<p><b>Quindi sul pane.<\/b><\/p>\n<p>Sul pane.<\/p>\n<p><b>E ora state mettendo tutti gli ingredienti?<\/b><\/p>\n<p>Si. Ecco a\u2019 cialledd\u2019!<\/p>\n<p><b>Che profumo!<\/b><\/p>\n<p>Poi si copre e si fa stare finch\u00e8\u2026<\/p>\n<p><b>Finch\u00e8 si ammorbidisce il pane?<\/b><\/p>\n<p>Essi, si ammorbidisce e poi si pu\u00f2 mangiare perch\u00e8 s\u2019arresittesc\u2019, diciamo noi\u2026<\/p>\n<p><b>E stasera per cena cosa mangia?<\/b><\/p>\n<p>Beh stasera dato s\u00ec che non c\u2019\u00e8 nessuno, sono sola e mi so fatta un p\u00f2 di cialledda e quella m\u00ec mang\u00e8!<\/p>\n<p><b>Va bene signora, io la ringrazio infinitamente per la collaborazione e la disponibilit\u00e0 e le auguro una buona cena.<\/b><\/p>\n<p>Grazie. Se volete favorire con me vi state con me e mangiate con me.<\/p>\n<p><b>Grazie. Buonasera.<\/b><\/p>\n<p>Buonasera.<\/p>\n<p>&nbsp;<\/p>\n<p><em>Ricetta preparata da\u00a0Annunziata\u00a0Liuzzi intervistata da Bruna Aresta a Matera.<\/em><\/p>\n<p><em>\u00a0<\/em><\/p>\n<!-- AddThis Advanced Settings generic via filter on the_content --><!-- AddThis Share Buttons generic via filter on the_content -->","protected":false},"excerpt":{"rendered":"<p>Intervista a\u00a0Annunziata\u00a0Liuzzi Buonasera. Buonasera. Piacere io sono Brunella, lei come si chiama? Io mi chiamo Annunziata. Quanti anni ha? 76. \u00c9 sposata? si. Ha figli? 9. Che lavoro fa? Casalinga. Vi piace cucinare? N\u2019 poc\u2019 si, n\u2019 poc\u2019 no&#8230; mi piace cucinare le cose all&#8217;us\u2019 m\u00ec, cose moderne no. Mi ved\u2019 alla televisione la trasmissione [&hellip;]<!-- AddThis Advanced Settings generic via filter on get_the_excerpt --><!-- AddThis Share Buttons generic via filter on get_the_excerpt --><\/p>\n","protected":false},"author":1,"featured_media":585,"comment_status":"open","ping_status":"open","sticky":false,"template":"","format":"standard","meta":{"_monsterinsights_skip_tracking":false,"_monsterinsights_sitenote_active":false,"_monsterinsights_sitenote_note":"","_monsterinsights_sitenote_category":0},"categories":[70,89,27],"tags":[105,235,179],"_links":{"self":[{"href":"http:\/\/www.cucinalucana.it\/index.php?rest_route=\/wp\/v2\/posts\/584"}],"collection":[{"href":"http:\/\/www.cucinalucana.it\/index.php?rest_route=\/wp\/v2\/posts"}],"about":[{"href":"http:\/\/www.cucinalucana.it\/index.php?rest_route=\/wp\/v2\/types\/post"}],"author":[{"embeddable":true,"href":"http:\/\/www.cucinalucana.it\/index.php?rest_route=\/wp\/v2\/users\/1"}],"replies":[{"embeddable":true,"href":"http:\/\/www.cucinalucana.it\/index.php?rest_route=%2Fwp%2Fv2%2Fcomments&post=584"}],"version-history":[{"count":6,"href":"http:\/\/www.cucinalucana.it\/index.php?rest_route=\/wp\/v2\/posts\/584\/revisions"}],"predecessor-version":[{"id":998,"href":"http:\/\/www.cucinalucana.it\/index.php?rest_route=\/wp\/v2\/posts\/584\/revisions\/998"}],"wp:featuredmedia":[{"embeddable":true,"href":"http:\/\/www.cucinalucana.it\/index.php?rest_route=\/wp\/v2\/media\/585"}],"wp:attachment":[{"href":"http:\/\/www.cucinalucana.it\/index.php?rest_route=%2Fwp%2Fv2%2Fmedia&parent=584"}],"wp:term":[{"taxonomy":"category","embeddable":true,"href":"http:\/\/www.cucinalucana.it\/index.php?rest_route=%2Fwp%2Fv2%2Fcategories&post=584"},{"taxonomy":"post_tag","embeddable":true,"href":"http:\/\/www.cucinalucana.it\/index.php?rest_route=%2Fwp%2Fv2%2Ftags&post=584"}],"curies":[{"name":"wp","href":"https:\/\/api.w.org\/{rel}","templated":true}]}}